{"id":2154,"date":"2021-05-03T14:32:16","date_gmt":"2021-05-03T14:32:16","guid":{"rendered":"https:\/\/www.agconfianzayseguros.com\/site\/?p=2154"},"modified":"2021-05-05T14:23:23","modified_gmt":"2021-05-05T14:23:23","slug":"cuidado-que-podemos-regresar-a-primera-base","status":"publish","type":"post","link":"https:\/\/www.agconfianzayseguros.com\/site\/2021\/05\/03\/cuidado-que-podemos-regresar-a-primera-base\/","title":{"rendered":"Cuidado, que podemos regresar a primera base"},"content":{"rendered":"\n<p>Se ha detectado en San Luis Potos\u00ed, por primera vez, la variante SARS-COV2 de la India.<\/p>\n\n\n\n<p>Por el momento es un caso aislado y el sujeto ya se encuentra en observaci\u00f3n; a\u00fan as\u00ed, esta variante del virus se considera m\u00e1s contagiosa que el virus original, por lo que tenemos que seguir guardando precauciones.<\/p>\n\n\n\n<p>Hasta ahora, tan solo en San Luis Potos\u00ed, se han encontrado m\u00e1s de 50 variantes del virus, sin embargo la m\u00e1s preocupante es la de la India, por su alto nivel de contagio. Tenemos que recordar que ya estamos cerca de salir de la pandemia, cada vez m\u00e1s personas han sido vacunadas; no dejemos que todo se repita y asegur\u00e9monos de guardar las medidas sanitarias en este \u00faltimo tramo de la pandemia.<\/p>\n\n\n\n<p>Referencia(s):<\/p>\n\n\n\n<p>Estrada, S (02\/05\/2021). Detectan primer caso en M\u00e9xico de variante india del Covid-19; est\u00e1 en San Luis Potos\u00ed. El Universal. Recuperado de: https:\/\/www.eluniversal.com.mx\/estados\/detectan-primer-caso-en-mexico-de-variante-india-del-covid-19-esta-en-san-luis-potosi<\/p>\n","protected":false},"excerpt":{"rendered":"<p>Se ha detectado en San Luis Potos\u00ed, por primera vez, la variante SARS-COV2 de la India. Por el momento es un caso aislado y el sujeto ya se encuentra en observaci\u00f3n; a\u00fan as\u00ed, esta variante del virus se considera m\u00e1s contagiosa que el virus original, por lo que tenemos que seguir guardando precauciones. Hasta ahora,&hellip;<\/p>\n","protected":false},"author":1,"featured_media":2155,"comment_status":"open","ping_status":"open","sticky":false,"template":"","format":"standard","meta":{"_monsterinsights_skip_tracking":false,"_monsterinsights_sitenote_active":false,"_monsterinsights_sitenote_note":"","_monsterinsights_sitenote_category":0},"categories":[19],"tags":[],"post_folder":[],"yoast_head":"<!-- This site is optimized with the Yoast SEO plugin v20.6 - https:\/\/yoast.com\/wordpress\/plugins\/seo\/ -->\n<title>Cuidado, que podemos regresar a primera base | AG Confianza y Seguros<\/title>\n<meta name=\"robots\" content=\"index, follow, max-snippet:-1, max-image-preview:large, max-video-preview:-1\" \/>\n<link rel=\"canonical\" href=\"https:\/\/www.agconfianzayseguros.com\/site\/2021\/05\/03\/cuidado-que-podemos-regresar-a-primera-base\/\" \/>\n<meta property=\"og:locale\" content=\"es_ES\" \/>\n<meta property=\"og:type\" content=\"article\" \/>\n<meta property=\"og:title\" content=\"Cuidado, que podemos regresar a primera base | AG Confianza y Seguros\" \/>\n<meta property=\"og:description\" content=\"Se ha detectado en San Luis Potos\u00ed, por primera vez, la variante SARS-COV2 de la India. Por el momento es un caso aislado y el sujeto ya se encuentra en observaci\u00f3n; a\u00fan as\u00ed, esta variante del virus se considera m\u00e1s contagiosa que el virus original, por lo que tenemos que seguir guardando precauciones. Hasta ahora,&hellip;\" \/>\n<meta property=\"og:url\" content=\"https:\/\/www.agconfianzayseguros.com\/site\/2021\/05\/03\/cuidado-que-podemos-regresar-a-primera-base\/\" \/>\n<meta property=\"og:site_name\" content=\"AG Confianza y Seguros\" \/>\n<meta property=\"article:publisher\" content=\"https:\/\/www.facebook.com\/AGSEGUROSYFIANZAS\" \/>\n<meta property=\"article:published_time\" content=\"2021-05-03T14:32:16+00:00\" \/>\n<meta property=\"article:modified_time\" content=\"2021-05-05T14:23:23+00:00\" \/>\n<meta property=\"og:image\" content=\"https:\/\/www.agconfianzayseguros.com\/site\/wp-content\/uploads\/2021\/05\/cdc-w9KEokhajKw-unsplash.jpg\" \/>\n\t<meta property=\"og:image:width\" content=\"1920\" \/>\n\t<meta property=\"og:image:height\" content=\"1080\" \/>\n\t<meta property=\"og:image:type\" content=\"image\/jpeg\" \/>\n<meta name=\"author\" content=\"Ana Mar\u00eda Guti\u00e9rrez\" \/>\n<meta name=\"twitter:card\" content=\"summary_large_image\" \/>\n<meta name=\"twitter:label1\" content=\"Written by\" \/>\n\t<meta name=\"twitter:data1\" content=\"Ana Mar\u00eda Guti\u00e9rrez\" \/>\n\t<meta name=\"twitter:label2\" content=\"Est. reading time\" \/>\n\t<meta name=\"twitter:data2\" content=\"1 minuto\" \/>\n<script type=\"application\/ld+json\" class=\"yoast-schema-graph\">{\"@context\":\"https:\/\/schema.org\",\"@graph\":[{\"@type\":\"Article\",\"@id\":\"https:\/\/www.agconfianzayseguros.com\/site\/2021\/05\/03\/cuidado-que-podemos-regresar-a-primera-base\/#article\",\"isPartOf\":{\"@id\":\"https:\/\/www.agconfianzayseguros.com\/site\/2021\/05\/03\/cuidado-que-podemos-regresar-a-primera-base\/\"},\"author\":{\"name\":\"Ana Mar\u00eda Guti\u00e9rrez\",\"@id\":\"https:\/\/www.agconfianzayseguros.com\/site\/#\/schema\/person\/55d7a4ef63575f7e8a7130ecd1a281d4\"},\"headline\":\"Cuidado, que podemos regresar a primera base\",\"datePublished\":\"2021-05-03T14:32:16+00:00\",\"dateModified\":\"2021-05-05T14:23:23+00:00\",\"mainEntityOfPage\":{\"@id\":\"https:\/\/www.agconfianzayseguros.com\/site\/2021\/05\/03\/cuidado-que-podemos-regresar-a-primera-base\/\"},\"wordCount\":170,\"commentCount\":0,\"publisher\":{\"@id\":\"https:\/\/www.agconfianzayseguros.com\/site\/#organization\"},\"articleSection\":[\"Noticias\"],\"inLanguage\":\"es\",\"potentialAction\":[{\"@type\":\"CommentAction\",\"name\":\"Comment\",\"target\":[\"https:\/\/www.agconfianzayseguros.com\/site\/2021\/05\/03\/cuidado-que-podemos-regresar-a-primera-base\/#respond\"]}]},{\"@type\":\"WebPage\",\"@id\":\"https:\/\/www.agconfianzayseguros.com\/site\/2021\/05\/03\/cuidado-que-podemos-regresar-a-primera-base\/\",\"url\":\"https:\/\/www.agconfianzayseguros.com\/site\/2021\/05\/03\/cuidado-que-podemos-regresar-a-primera-base\/\",\"name\":\"Cuidado, que podemos regresar a primera base | AG Confianza y Seguros\",\"isPartOf\":{\"@id\":\"https:\/\/www.agconfianzayseguros.com\/site\/#website\"},\"datePublished\":\"2021-05-03T14:32:16+00:00\",\"dateModified\":\"2021-05-05T14:23:23+00:00\",\"breadcrumb\":{\"@id\":\"https:\/\/www.agconfianzayseguros.com\/site\/2021\/05\/03\/cuidado-que-podemos-regresar-a-primera-base\/#breadcrumb\"},\"inLanguage\":\"es\",\"potentialAction\":[{\"@type\":\"ReadAction\",\"target\":[\"https:\/\/www.agconfianzayseguros.com\/site\/2021\/05\/03\/cuidado-que-podemos-regresar-a-primera-base\/\"]}]},{\"@type\":\"BreadcrumbList\",\"@id\":\"https:\/\/www.agconfianzayseguros.com\/site\/2021\/05\/03\/cuidado-que-podemos-regresar-a-primera-base\/#breadcrumb\",\"itemListElement\":[{\"@type\":\"ListItem\",\"position\":1,\"name\":\"Portada\",\"item\":\"https:\/\/www.agconfianzayseguros.com\/site\/\"},{\"@type\":\"ListItem\",\"position\":2,\"name\":\"Cuidado, que podemos regresar a primera base\"}]},{\"@type\":\"WebSite\",\"@id\":\"https:\/\/www.agconfianzayseguros.com\/site\/#website\",\"url\":\"https:\/\/www.agconfianzayseguros.com\/site\/\",\"name\":\"AG Confianza y Seguros\",\"description\":\"Somos un equipo de profesionales especializados que brinda asesoramiento en seguros y fianzas.\",\"publisher\":{\"@id\":\"https:\/\/www.agconfianzayseguros.com\/site\/#organization\"},\"alternateName\":\"Confianza y Seguros\",\"potentialAction\":[{\"@type\":\"SearchAction\",\"target\":{\"@type\":\"EntryPoint\",\"urlTemplate\":\"https:\/\/www.agconfianzayseguros.com\/site\/?s={search_term_string}\"},\"query-input\":\"required name=search_term_string\"}],\"inLanguage\":\"es\"},{\"@type\":\"Organization\",\"@id\":\"https:\/\/www.agconfianzayseguros.com\/site\/#organization\",\"name\":\"AG Confianza y Seguros\",\"alternateName\":\"Confianza y Seguros\",\"url\":\"https:\/\/www.agconfianzayseguros.com\/site\/\",\"logo\":{\"@type\":\"ImageObject\",\"inLanguage\":\"es\",\"@id\":\"https:\/\/www.agconfianzayseguros.com\/site\/#\/schema\/logo\/image\/\",\"url\":\"https:\/\/www.agconfianzayseguros.com\/site\/wp-content\/uploads\/2022\/09\/logo-agasociados.png\",\"contentUrl\":\"https:\/\/www.agconfianzayseguros.com\/site\/wp-content\/uploads\/2022\/09\/logo-agasociados.png\",\"width\":416,\"height\":150,\"caption\":\"AG Confianza y Seguros\"},\"image\":{\"@id\":\"https:\/\/www.agconfianzayseguros.com\/site\/#\/schema\/logo\/image\/\"},\"sameAs\":[\"https:\/\/www.facebook.com\/AGSEGUROSYFIANZAS\",\"https:\/\/www.linkedin.com\/in\/ana-maria-gutierrez-53ab7476\/\",\"https:\/\/www.instagram.com\/agsegurosyfianzas\/\",\"https:\/\/www.youtube.com\/@asesoresagyasociados\"]},{\"@type\":\"Person\",\"@id\":\"https:\/\/www.agconfianzayseguros.com\/site\/#\/schema\/person\/55d7a4ef63575f7e8a7130ecd1a281d4\",\"name\":\"Ana Mar\u00eda Guti\u00e9rrez\",\"image\":{\"@type\":\"ImageObject\",\"inLanguage\":\"es\",\"@id\":\"https:\/\/www.agconfianzayseguros.com\/site\/#\/schema\/person\/image\/\",\"url\":\"https:\/\/www.agconfianzayseguros.com\/site\/wp-content\/uploads\/2023\/02\/AnaMaria_R.png\",\"contentUrl\":\"https:\/\/www.agconfianzayseguros.com\/site\/wp-content\/uploads\/2023\/02\/AnaMaria_R.png\",\"caption\":\"Ana Mar\u00eda Guti\u00e9rrez\"},\"description\":\"Soy Ana Mar\u00eda Guti\u00e9rrez Chulim, con 35 a\u00f1os de experiencia en el sector afianzador y asegurador, dirijo un equipo de ejecutivos especializados. Especialista con c\u00e9dula en coberturas de altos riesgo. Miembro de AMASFAC (Asociaci\u00f3n Mexicana de Agentes de Seguros y Fianzas) y de AMEXME (Asociaci\u00f3n Mexicana de mujeres empresarias). Mis servicios atienden al p\u00fablico en general y en el sector empresarial mis clientes han incluido compa\u00f1\u00edas y contratistas en el sector petrolero e instituciones gubernamentales.\",\"url\":\"https:\/\/www.agconfianzayseguros.com\/site\/author\/aguser\/\"}]}<\/script>\n<!-- \/ Yoast SEO plugin. -->","yoast_head_json":{"title":"Cuidado, que podemos regresar a primera base | AG Confianza y Seguros","robots":{"index":"index","follow":"follow","max-snippet":"max-snippet:-1","max-image-preview":"max-image-preview:large","max-video-preview":"max-video-preview:-1"},"canonical":"https:\/\/www.agconfianzayseguros.com\/site\/2021\/05\/03\/cuidado-que-podemos-regresar-a-primera-base\/","og_locale":"es_ES","og_type":"article","og_title":"Cuidado, que podemos regresar a primera base | AG Confianza y Seguros","og_description":"Se ha detectado en San Luis Potos\u00ed, por primera vez, la variante SARS-COV2 de la India. Por el momento es un caso aislado y el sujeto ya se encuentra en observaci\u00f3n; a\u00fan as\u00ed, esta variante del virus se considera m\u00e1s contagiosa que el virus original, por lo que tenemos que seguir guardando precauciones. Hasta ahora,&hellip;","og_url":"https:\/\/www.agconfianzayseguros.com\/site\/2021\/05\/03\/cuidado-que-podemos-regresar-a-primera-base\/","og_site_name":"AG Confianza y Seguros","article_publisher":"https:\/\/www.facebook.com\/AGSEGUROSYFIANZAS","article_published_time":"2021-05-03T14:32:16+00:00","article_modified_time":"2021-05-05T14:23:23+00:00","og_image":[{"width":1920,"height":1080,"url":"https:\/\/www.agconfianzayseguros.com\/site\/wp-content\/uploads\/2021\/05\/cdc-w9KEokhajKw-unsplash.jpg","type":"image\/jpeg"}],"author":"Ana Mar\u00eda Guti\u00e9rrez","twitter_card":"summary_large_image","twitter_misc":{"Written by":"Ana Mar\u00eda Guti\u00e9rrez","Est. reading time":"1 minuto"},"schema":{"@context":"https:\/\/schema.org","@graph":[{"@type":"Article","@id":"https:\/\/www.agconfianzayseguros.com\/site\/2021\/05\/03\/cuidado-que-podemos-regresar-a-primera-base\/#article","isPartOf":{"@id":"https:\/\/www.agconfianzayseguros.com\/site\/2021\/05\/03\/cuidado-que-podemos-regresar-a-primera-base\/"},"author":{"name":"Ana Mar\u00eda Guti\u00e9rrez","@id":"https:\/\/www.agconfianzayseguros.com\/site\/#\/schema\/person\/55d7a4ef63575f7e8a7130ecd1a281d4"},"headline":"Cuidado, que podemos regresar a primera base","datePublished":"2021-05-03T14:32:16+00:00","dateModified":"2021-05-05T14:23:23+00:00","mainEntityOfPage":{"@id":"https:\/\/www.agconfianzayseguros.com\/site\/2021\/05\/03\/cuidado-que-podemos-regresar-a-primera-base\/"},"wordCount":170,"commentCount":0,"publisher":{"@id":"https:\/\/www.agconfianzayseguros.com\/site\/#organization"},"articleSection":["Noticias"],"inLanguage":"es","potentialAction":[{"@type":"CommentAction","name":"Comment","target":["https:\/\/www.agconfianzayseguros.com\/site\/2021\/05\/03\/cuidado-que-podemos-regresar-a-primera-base\/#respond"]}]},{"@type":"WebPage","@id":"https:\/\/www.agconfianzayseguros.com\/site\/2021\/05\/03\/cuidado-que-podemos-regresar-a-primera-base\/","url":"https:\/\/www.agconfianzayseguros.com\/site\/2021\/05\/03\/cuidado-que-podemos-regresar-a-primera-base\/","name":"Cuidado, que podemos regresar a primera base | AG Confianza y Seguros","isPartOf":{"@id":"https:\/\/www.agconfianzayseguros.com\/site\/#website"},"datePublished":"2021-05-03T14:32:16+00:00","dateModified":"2021-05-05T14:23:23+00:00","breadcrumb":{"@id":"https:\/\/www.agconfianzayseguros.com\/site\/2021\/05\/03\/cuidado-que-podemos-regresar-a-primera-base\/#breadcrumb"},"inLanguage":"es","potentialAction":[{"@type":"ReadAction","target":["https:\/\/www.agconfianzayseguros.com\/site\/2021\/05\/03\/cuidado-que-podemos-regresar-a-primera-base\/"]}]},{"@type":"BreadcrumbList","@id":"https:\/\/www.agconfianzayseguros.com\/site\/2021\/05\/03\/cuidado-que-podemos-regresar-a-primera-base\/#breadcrumb","itemListElement":[{"@type":"ListItem","position":1,"name":"Portada","item":"https:\/\/www.agconfianzayseguros.com\/site\/"},{"@type":"ListItem","position":2,"name":"Cuidado, que podemos regresar a primera base"}]},{"@type":"WebSite","@id":"https:\/\/www.agconfianzayseguros.com\/site\/#website","url":"https:\/\/www.agconfianzayseguros.com\/site\/","name":"AG Confianza y Seguros","description":"Somos un equipo de profesionales especializados que brinda asesoramiento en seguros y fianzas.","publisher":{"@id":"https:\/\/www.agconfianzayseguros.com\/site\/#organization"},"alternateName":"Confianza y Seguros","potentialAction":[{"@type":"SearchAction","target":{"@type":"EntryPoint","urlTemplate":"https:\/\/www.agconfianzayseguros.com\/site\/?s={search_term_string}"},"query-input":"required name=search_term_string"}],"inLanguage":"es"},{"@type":"Organization","@id":"https:\/\/www.agconfianzayseguros.com\/site\/#organization","name":"AG Confianza y Seguros","alternateName":"Confianza y Seguros","url":"https:\/\/www.agconfianzayseguros.com\/site\/","logo":{"@type":"ImageObject","inLanguage":"es","@id":"https:\/\/www.agconfianzayseguros.com\/site\/#\/schema\/logo\/image\/","url":"https:\/\/www.agconfianzayseguros.com\/site\/wp-content\/uploads\/2022\/09\/logo-agasociados.png","contentUrl":"https:\/\/www.agconfianzayseguros.com\/site\/wp-content\/uploads\/2022\/09\/logo-agasociados.png","width":416,"height":150,"caption":"AG Confianza y Seguros"},"image":{"@id":"https:\/\/www.agconfianzayseguros.com\/site\/#\/schema\/logo\/image\/"},"sameAs":["https:\/\/www.facebook.com\/AGSEGUROSYFIANZAS","https:\/\/www.linkedin.com\/in\/ana-maria-gutierrez-53ab7476\/","https:\/\/www.instagram.com\/agsegurosyfianzas\/","https:\/\/www.youtube.com\/@asesoresagyasociados"]},{"@type":"Person","@id":"https:\/\/www.agconfianzayseguros.com\/site\/#\/schema\/person\/55d7a4ef63575f7e8a7130ecd1a281d4","name":"Ana Mar\u00eda Guti\u00e9rrez","image":{"@type":"ImageObject","inLanguage":"es","@id":"https:\/\/www.agconfianzayseguros.com\/site\/#\/schema\/person\/image\/","url":"https:\/\/www.agconfianzayseguros.com\/site\/wp-content\/uploads\/2023\/02\/AnaMaria_R.png","contentUrl":"https:\/\/www.agconfianzayseguros.com\/site\/wp-content\/uploads\/2023\/02\/AnaMaria_R.png","caption":"Ana Mar\u00eda Guti\u00e9rrez"},"description":"Soy Ana Mar\u00eda Guti\u00e9rrez Chulim, con 35 a\u00f1os de experiencia en el sector afianzador y asegurador, dirijo un equipo de ejecutivos especializados. Especialista con c\u00e9dula en coberturas de altos riesgo. Miembro de AMASFAC (Asociaci\u00f3n Mexicana de Agentes de Seguros y Fianzas) y de AMEXME (Asociaci\u00f3n Mexicana de mujeres empresarias). Mis servicios atienden al p\u00fablico en general y en el sector empresarial mis clientes han incluido compa\u00f1\u00edas y contratistas en el sector petrolero e instituciones gubernamentales.","url":"https:\/\/www.agconfianzayseguros.com\/site\/author\/aguser\/"}]}},"_links":{"self":[{"href":"https:\/\/www.agconfianzayseguros.com\/site\/wp-json\/wp\/v2\/posts\/2154"}],"collection":[{"href":"https:\/\/www.agconfianzayseguros.com\/site\/wp-json\/wp\/v2\/posts"}],"about":[{"href":"https:\/\/www.agconfianzayseguros.com\/site\/wp-json\/wp\/v2\/types\/post"}],"author":[{"embeddable":true,"href":"https:\/\/www.agconfianzayseguros.com\/site\/wp-json\/wp\/v2\/users\/1"}],"replies":[{"embeddable":true,"href":"https:\/\/www.agconfianzayseguros.com\/site\/wp-json\/wp\/v2\/comments?post=2154"}],"version-history":[{"count":0,"href":"https:\/\/www.agconfianzayseguros.com\/site\/wp-json\/wp\/v2\/posts\/2154\/revisions"}],"wp:featuredmedia":[{"embeddable":true,"href":"https:\/\/www.agconfianzayseguros.com\/site\/wp-json\/wp\/v2\/media\/2155"}],"wp:attachment":[{"href":"https:\/\/www.agconfianzayseguros.com\/site\/wp-json\/wp\/v2\/media?parent=2154"}],"wp:term":[{"taxonomy":"category","embeddable":true,"href":"https:\/\/www.agconfianzayseguros.com\/site\/wp-json\/wp\/v2\/categories?post=2154"},{"taxonomy":"post_tag","embeddable":true,"href":"https:\/\/www.agconfianzayseguros.com\/site\/wp-json\/wp\/v2\/tags?post=2154"},{"taxonomy":"post_folder","embeddable":true,"href":"https:\/\/www.agconfianzayseguros.com\/site\/wp-json\/wp\/v2\/post_folder?post=2154"}],"curies":[{"name":"wp","href":"https:\/\/api.w.org\/{rel}","templated":true}]}}